{"id":1,"date":"2022-07-26T11:58:29","date_gmt":"2022-07-26T11:58:29","guid":{"rendered":"http:\/\/localhost\/wordpress\/?p=1"},"modified":"2023-03-14T14:38:30","modified_gmt":"2023-03-14T14:38:30","slug":"hello-world","status":"publish","type":"post","link":"https:\/\/www.apartmanmallorca.sk\/?p=1","title":{"rendered":"Kam \u00eds\u0165 na Mallorce?"},"content":{"rendered":"\n<p>Najlep\u0161ie atrakcie na Malorke <\/p>\n\n\n\n<p><strong>1. Katedr\u00e1la<\/strong> &#8211; Cathedral de Mallorca &#8211; Katedr\u00e1la na Malorke bola postaven\u00e1 na jednej zo starobyl\u00fdch akropol mesta. <\/p>\n\n\n\n<p><strong>2. Star\u00e9 centrum mesto Alcudia<\/strong> &#8211; star\u00e9 m\u00fary zo 14. storo\u010dia obklopuj\u00fa komunitu, ktor\u00e1 vyva\u017euje modern\u00fd cestovn\u00fd ruch s tempom a sp\u00f4sobom \u017eivota, ktor\u00fd zachov\u00e1va star\u00e9 pamiatky. Je zap\u00edsan\u00e9 na zozname svetov\u00e9ho dedi\u010dstva UNESCO a je pln\u00e9 r\u00f4znych re\u0161taur\u00e1ci\u00ed, barov a obchodov. M\u00f4\u017eete nav\u0161t\u00edvi\u0165 kostol sv. Jaume, prejs\u0165 sa po hlavnej ulici Carrer Major, odfoti\u0165 sa pri br\u00e1ne Xara, a u\u017ei\u0165 si n\u00e1dhern\u00fd v\u00fdh\u013ead pri prech\u00e1dzke po stredovek\u00fdch hradb\u00e1ch. Napl\u00e1nujte si n\u00e1v\u0161tevu na dni trhu, kde n\u00e1jdete \u010derstv\u00e9 produkty, suven\u00edry, top\u00e1nky, ta\u0161ky a \u010fal\u0161ie. Le\u017e\u00ed na severov\u00fdchode ostrova a dostanete sa tam za 45 min\u00fat autom z Palma de Mallorca.<\/p>\n\n\n\n<p><strong>3. Cuevas del Drach<\/strong> &#8211; s\u00e9ria jask\u00fd\u0148 s obrovsk\u00fdm mno\u017estvom stalagmitov a staligtitov v\u0161etk\u00fdch tvarov a ve\u013ekost\u00ed s jemn\u00fdm osvetlen\u00edm. <\/p>\n\n\n\n<figure class=\"wp-block-image size-large\"><img loading=\"lazy\" decoding=\"async\" width=\"1024\" height=\"247\" src=\"https:\/\/www.apartmanmallorca.sk\/wp-content\/uploads\/2023\/03\/mallorca1-1024x247.png\" alt=\"\" class=\"wp-image-30\" srcset=\"https:\/\/www.apartmanmallorca.sk\/wp-content\/uploads\/2023\/03\/mallorca1-1024x247.png 1024w, https:\/\/www.apartmanmallorca.sk\/wp-content\/uploads\/2023\/03\/mallorca1-300x72.png 300w, https:\/\/www.apartmanmallorca.sk\/wp-content\/uploads\/2023\/03\/mallorca1-768x185.png 768w, https:\/\/www.apartmanmallorca.sk\/wp-content\/uploads\/2023\/03\/mallorca1-1536x370.png 1536w, https:\/\/www.apartmanmallorca.sk\/wp-content\/uploads\/2023\/03\/mallorca1.png 1710w\" sizes=\"auto, (max-width: 1024px) 100vw, 1024px\" \/><\/figure>\n\n\n\n<p><strong>4. Pl\u00e1\u017e Playa de Muro<\/strong> &#8211; kilometre m\u00e4kk\u00e9ho bieleho piesku, \u010dist\u00e9ho tyrkysov\u00e9ho mora a ru\u0161n\u00fdch oblast\u00ed a pokojn\u00fdch oblast\u00ed. T\u00e1to pl\u00e1\u017e dlh\u00e1 3,7 m\u00edle m\u00e1 pokojn\u00e9 a plytk\u00e9 vody (skvel\u00e9 na pl\u00e1vanie pre deti) a mno\u017estvo vodn\u00fdch \u0161portov, ako je parasailing a vodn\u00e9 ly\u017eovanie. Pl\u00e1\u017e je rozdelen\u00e1 na \u0161tyri \u010dasti a je pln\u00e1 kaviarn\u00ed, barov a ur\u010den\u00fdch ihr\u00edsk.  Za poplatok m\u00f4\u017eete z\u00edska\u0165 le\u017eadl\u00e1, slne\u010dn\u00edky a osobn\u00e9 uzamykate\u013en\u00e9 skrinky, ako aj sprchy, ktor\u00e9 m\u00f4\u017eete vyu\u017e\u00edva\u0165 zadarmo. Je to tie\u017e jedna z najbezpe\u010dnej\u0161\u00edch pl\u00e1\u017e\u00ed na svete, s viac ne\u017e dostato\u010dn\u00fdm po\u010dtom plav\u010d\u00edkov v slu\u017ebe a d\u00f4kladn\u00fdm z\u00e1chrann\u00fdm syst\u00e9mom. Nach\u00e1dza sa na sevoroz\u00e1pade ostrova.<\/p>\n\n\n\n<p><strong>5. Serra de Tramuntana<\/strong> &#8211; pohorie, ktor\u00e9 sa zachovalo ako v\u00fdznamn\u00e1 pr\u00edrodn\u00e1 rezerv\u00e1cia. Skalnat\u00e9 v\u00e1pencov\u00e9 pohorie sa tiahne po d\u013a\u017eke severoz\u00e1padn\u00e9ho pobre\u017eia ostrova.<\/p>\n\n\n\n<p><strong>6<\/strong>. <strong>Palma Aquarium<\/strong> &#8211; viac ako 700 r\u00f4znych druhov v\u00e1s priv\u00edta pri prech\u00e1dzke v\u0161etk\u00fdmi r\u00f4znymi oce\u00e1nmi. Toto akv\u00e1rium, ktor\u00e9 sa nach\u00e1dza k\u00fasok od pl\u00e1\u017ee Palmy, je jednou z najob\u013e\u00fabenej\u0161\u00edch atrakci\u00ed. S 55 n\u00e1dr\u017eami, ktor\u00e9 predstavuj\u00fa biotopy v Stredozemnom mori a tr\u00f3poch, sa v nej nach\u00e1dza najv\u00e4\u010d\u0161ia zbierka \u017eiv\u00fdch koralov v Eur\u00f3pe, ako aj jedna z najhlb\u0161\u00edch n\u00e1dr\u017e\u00ed so \u017eralokmi, ktor\u00fa si m\u00f4\u017eete pozrie\u0165 zbl\u00edzka cez lo\u010f so sklenen\u00fdm dnom alebo pot\u00e1panie. <\/p>\n\n\n\n<figure class=\"wp-block-image size-large\"><img loading=\"lazy\" decoding=\"async\" width=\"1024\" height=\"234\" src=\"https:\/\/www.apartmanmallorca.sk\/wp-content\/uploads\/2023\/03\/mallorca2-1024x234.png\" alt=\"\" class=\"wp-image-32\" srcset=\"https:\/\/www.apartmanmallorca.sk\/wp-content\/uploads\/2023\/03\/mallorca2-1024x234.png 1024w, https:\/\/www.apartmanmallorca.sk\/wp-content\/uploads\/2023\/03\/mallorca2-300x69.png 300w, https:\/\/www.apartmanmallorca.sk\/wp-content\/uploads\/2023\/03\/mallorca2-768x176.png 768w, https:\/\/www.apartmanmallorca.sk\/wp-content\/uploads\/2023\/03\/mallorca2-1536x351.png 1536w, https:\/\/www.apartmanmallorca.sk\/wp-content\/uploads\/2023\/03\/mallorca2.png 1820w\" sizes=\"auto, (max-width: 1024px) 100vw, 1024px\" \/><\/figure>\n\n\n\n<p><strong>7. Park K\u00e1thmandu <\/strong>&#8211; Vodn\u00fd park &#8211; Dobrodru\u017estvo \u010dak\u00e1 v parku Katmandu na Malorke v \u0160panielsku. Vst\u00fapte do m\u00fdtick\u00e9ho sveta ne\u010dakan\u00e9ho dobrodru\u017estva, vzru\u0161uj\u00facich j\u00e1zd, epick\u00fdch 4D stretnut\u00ed a zimomriavok v parku! Od o\u010daruj\u00facej rodinnej z\u00e1bavy a\u017e po ohromuj\u00face dobrodru\u017estv\u00e1 pre t\u00fdch, ktor\u00ed h\u013eadaj\u00fa vzru\u0161enie \u2013 ka\u017ed\u00fd n\u00e1jde nekone\u010dn\u00fa slobodu pri hran\u00ed s flexibiln\u00fdmi mo\u017enos\u0165ami predaja vstupeniek. Nach\u00e1dza sa v srdci pl\u00e1\u017ee Calvia a len 250 metrov od mora.<\/p>\n\n\n\n<p><strong>8. Castell del Bellver &#8211;<\/strong> z\u00edskajte e\u0161te viac z\u00e1\u017eitkov z v\u00fdletu na hrad Bellver a objavte hist\u00f3riu lokality s audio sprievodcom. Prehliadka ktor\u00fa si m\u00f4\u017eete stiahnu\u0165 do svojho mobilu, v\u00e1m poskytne preh\u013ead o stavbe a architekt\u00fare hradu spolu s pr\u00edbehmi v\u00fdznamn\u00fdch v\u00e4z\u0148ov, ako je Gaspar Jovellanos, ktor\u00ed boli kedysi v\u00e4znen\u00ed v jeho m\u00faroch. Nach\u00e1dza sa pri hlavnom meste.<\/p>\n\n\n\n<p><strong>9.<\/strong> <strong>Platja d&#8217;es Trenc<\/strong> &#8211; asi 4 km dlh\u00e1 pl\u00e1\u017e s pieso\u010dnat\u00fdmi dunami a \u010dist\u00e9 tyrkysovo modr\u00e9 more. Nach\u00e1dza sa na ju\u017enej \u010dasti ostrova, asi 40 min\u00fat autom z\u00e1padne od hlavn\u00e9ho mesta Palma.<\/p>\n\n\n\n<figure class=\"wp-block-image size-large\"><img loading=\"lazy\" decoding=\"async\" width=\"1024\" height=\"257\" src=\"https:\/\/www.apartmanmallorca.sk\/wp-content\/uploads\/2023\/03\/mallorca3-1024x257.png\" alt=\"\" class=\"wp-image-35\" srcset=\"https:\/\/www.apartmanmallorca.sk\/wp-content\/uploads\/2023\/03\/mallorca3-1024x257.png 1024w, https:\/\/www.apartmanmallorca.sk\/wp-content\/uploads\/2023\/03\/mallorca3-300x75.png 300w, https:\/\/www.apartmanmallorca.sk\/wp-content\/uploads\/2023\/03\/mallorca3-768x193.png 768w, https:\/\/www.apartmanmallorca.sk\/wp-content\/uploads\/2023\/03\/mallorca3-1536x386.png 1536w, https:\/\/www.apartmanmallorca.sk\/wp-content\/uploads\/2023\/03\/mallorca3.png 1672w\" sizes=\"auto, (max-width: 1024px) 100vw, 1024px\" \/><\/figure>\n\n\n\n<p><strong>10. Palau de l&#8217;Almudaina<\/strong> &#8211;  Kr\u00e1tko po dobyt\u00ed Arabmi na tomto mieste stoj\u00ed kr\u00e1\u013eovsk\u00fd pal\u00e1c. Kr\u00e1\u013eovsk\u00fd pal\u00e1c La Almudaina, ktor\u00fd sa nach\u00e1dza hne\u010f ved\u013ea katedr\u00e1ly, poch\u00e1dza zo 14. storo\u010dia, je ofici\u00e1lnym s\u00eddlom kr\u00e1\u013ea a kr\u00e1\u013eovnej po\u010das ich pobytov na Malorke. Spolu s katedr\u00e1lou v Palme je dominantou hlavn\u00e9ho mesta Bale\u00e1rskych ostrovov. Pal\u00e1c odr\u00e1\u017ea umeleck\u00e9 \u0161t\u00fdly, ktor\u00e9 sa navz\u00e1jom striedali po\u010das hist\u00f3rie ostrova. Spravuje ho verejn\u00fd org\u00e1n n\u00e1rodn\u00e9ho dedi\u010dstva.<\/p>\n\n\n\n<p><strong>11. Cap de Formentor<\/strong> &#8211; hory obklopen\u00e9 morskou vodou s\u00fa akoby &#8222;objat\u00e9 nebesk\u00fdmi kr\u00eddlami anjelov&#8220;. <\/p>\n\n\n\n<p><strong>12. Passeig des Born <\/strong>&#8211; U\u017e viac ako storo\u010die je t\u00e1to kr\u00e1tka promen\u00e1da v Palme lemovan\u00e1 stromami centrom mestsk\u00e9ho \u017eivota; bola svedkom fiesty, nespo\u010detn\u00e9 gener\u00e1cie rod\u00edn, ktor\u00e9 si u\u017e\u00edvaj\u00fa ve\u010dern\u00fa prech\u00e1dzku. Po\u010das Frankovej \u00e9ry bol premenovan\u00fd po dikt\u00e1torovi, ale ka\u017ed\u00fd ho st\u00e1le naz\u00fdval \u201eNaroden\u00fd\u201c.<\/p>\n\n\n\n<figure class=\"wp-block-image size-large\"><img loading=\"lazy\" decoding=\"async\" width=\"1024\" height=\"238\" src=\"https:\/\/www.apartmanmallorca.sk\/wp-content\/uploads\/2023\/03\/mallorca5-1024x238.png\" alt=\"\" class=\"wp-image-36\" srcset=\"https:\/\/www.apartmanmallorca.sk\/wp-content\/uploads\/2023\/03\/mallorca5-1024x238.png 1024w, https:\/\/www.apartmanmallorca.sk\/wp-content\/uploads\/2023\/03\/mallorca5-300x70.png 300w, https:\/\/www.apartmanmallorca.sk\/wp-content\/uploads\/2023\/03\/mallorca5-768x179.png 768w, https:\/\/www.apartmanmallorca.sk\/wp-content\/uploads\/2023\/03\/mallorca5-1536x357.png 1536w, https:\/\/www.apartmanmallorca.sk\/wp-content\/uploads\/2023\/03\/mallorca5.png 1780w\" sizes=\"auto, (max-width: 1024px) 100vw, 1024px\" \/><\/figure>\n","protected":false},"excerpt":{"rendered":"<p>Najlep\u0161ie atrakcie na Malorke 1. Katedr\u00e1la &#8211; Cathedral de Mallorca &#8211; Katedr\u00e1la na Malorke bola postaven\u00e1 na jednej zo starobyl\u00fdch akropol mesta. 2. Star\u00e9 centrum mesto Alcudia &#8211; star\u00e9 m\u00fary zo 14. storo\u010dia obklopuj\u00fa komunitu, ktor\u00e1 vyva\u017euje modern\u00fd cestovn\u00fd ruch s tempom a sp\u00f4sobom \u017eivota, ktor\u00fd zachov\u00e1va star\u00e9 pamiatky. Je zap\u00edsan\u00e9 na zozname svetov\u00e9ho dedi\u010dstva &hellip; <a href=\"https:\/\/www.apartmanmallorca.sk\/?p=1\" class=\"more-link\">Pokra\u010dova\u0165 v \u010d\u00edtan\u00ed: <span class=\"screen-reader-text\">Kam \u00eds\u0165 na Mallorce?<\/span><\/a><\/p>\n","protected":false},"author":1,"featured_media":0,"comment_status":"open","ping_status":"open","sticky":false,"template":"","format":"standard","meta":{"ngg_post_thumbnail":0,"_glsr_average":0,"_glsr_ranking":0,"_glsr_reviews":0,"_jetpack_memberships_contains_paid_content":false,"footnotes":""},"categories":[1],"tags":[],"class_list":["post-1","post","type-post","status-publish","format-standard","hentry","category-uncategorized"],"jetpack_featured_media_url":"","jetpack_sharing_enabled":true,"_links":{"self":[{"href":"https:\/\/www.apartmanmallorca.sk\/index.php?rest_route=\/wp\/v2\/posts\/1","targetHints":{"allow":["GET"]}}],"collection":[{"href":"https:\/\/www.apartmanmallorca.sk\/index.php?rest_route=\/wp\/v2\/posts"}],"about":[{"href":"https:\/\/www.apartmanmallorca.sk\/index.php?rest_route=\/wp\/v2\/types\/post"}],"author":[{"embeddable":true,"href":"https:\/\/www.apartmanmallorca.sk\/index.php?rest_route=\/wp\/v2\/users\/1"}],"replies":[{"embeddable":true,"href":"https:\/\/www.apartmanmallorca.sk\/index.php?rest_route=%2Fwp%2Fv2%2Fcomments&post=1"}],"version-history":[{"count":10,"href":"https:\/\/www.apartmanmallorca.sk\/index.php?rest_route=\/wp\/v2\/posts\/1\/revisions"}],"predecessor-version":[{"id":39,"href":"https:\/\/www.apartmanmallorca.sk\/index.php?rest_route=\/wp\/v2\/posts\/1\/revisions\/39"}],"wp:attachment":[{"href":"https:\/\/www.apartmanmallorca.sk\/index.php?rest_route=%2Fwp%2Fv2%2Fmedia&parent=1"}],"wp:term":[{"taxonomy":"category","embeddable":true,"href":"https:\/\/www.apartmanmallorca.sk\/index.php?rest_route=%2Fwp%2Fv2%2Fcategories&post=1"},{"taxonomy":"post_tag","embeddable":true,"href":"https:\/\/www.apartmanmallorca.sk\/index.php?rest_route=%2Fwp%2Fv2%2Ftags&post=1"}],"curies":[{"name":"wp","href":"https:\/\/api.w.org\/{rel}","templated":true}]}}